{"id":10370,"date":"2017-02-08T19:22:15","date_gmt":"2017-02-08T17:22:15","guid":{"rendered":"https:\/\/www.ross.es\/e\/?p=10370"},"modified":"2024-03-06T23:34:24","modified_gmt":"2024-03-06T22:34:24","slug":"reportaje-tei-system-en-tv-danesa","status":"publish","type":"post","link":"https:\/\/www.ross.es\/e\/estetica\/reportaje-tei-system-en-tv-danesa\/","title":{"rendered":"Reportaje TEI SYSTEM en TV danesa"},"content":{"rendered":"<p>TEI System, la tecnolog\u00eda m\u00e1s conocida en Dinamarca y Noruega recibe la atenci\u00f3n de la cadena de televisi\u00f3n danesa Go&#8217;morgen Danmark.<\/p>\n<p>&nbsp;<br \/>\n<a href=\"https:\/\/youtu.be\/2Znxh8AS8Zs?rel=0\" rel=\"noopener noreferrer\" target=\"_blank\">V\u00cdDEO DE PRESENTACI\u00d3N<\/a><br \/>\n<iframe loading=\"lazy\" title=\"Go&#039;morgen Danmark\" width=\"1080\" height=\"810\" src=\"https:\/\/www.youtube.com\/embed\/2Znxh8AS8Zs?feature=oembed\" frameborder=\"0\" allow=\"accelerometer; autoplay; encrypted-media; gyroscope; picture-in-picture\" allowfullscreen><\/iframe><\/p>\n","protected":false},"excerpt":{"rendered":"<p>TEI System, la tecnolog\u00eda m\u00e1s conocida en Dinamarca y Noruega recibe la atenci\u00f3n de la cadena de televisi\u00f3n danesa Go&#8217;morgen Danmark. &nbsp; V\u00cdDEO DE PRESENTACI\u00d3N<\/p>\n","protected":false},"author":3,"featured_media":10371,"comment_status":"closed","ping_status":"closed","sticky":false,"template":"","format":"video","meta":{"_et_pb_use_builder":"","_et_pb_old_content":"","_et_gb_content_width":"","_joinchat":[],"footnotes":""},"categories":[1985],"tags":[3204,3122,2485,854],"class_list":["post-10370","post","type-post","status-publish","format-video","has-post-thumbnail","hentry","category-whats-new","tag-dinamarca","tag-reportaje","tag-ross-internacional","tag-tei-system","post_format-post-format-video"],"yoast_head":"<!-- This site is optimized with the Yoast SEO plugin v23.3 - https:\/\/yoast.com\/wordpress\/plugins\/seo\/ -->\n<title>Reportaje TEI SYSTEM en TV danesa - R\u00d6S&#039;S EST\u00c9TICA<\/title>\n<meta name=\"description\" content=\"Presentaci\u00f3n en director de TEI System, la tecnolog\u00eda m\u00e1s conocida en Dinamarca y Noruega en la cadena de televisi\u00f3n danesa Go\u2019morgen Danmark.\" \/>\n<meta name=\"robots\" content=\"index, follow, max-snippet:-1, max-image-preview:large, max-video-preview:-1\" \/>\n<link rel=\"canonical\" href=\"https:\/\/www.ross.es\/e\/estetica\/reportaje-tei-system-en-tv-danesa\/\" \/>\n<meta property=\"og:locale\" content=\"es_ES\" \/>\n<meta property=\"og:type\" content=\"article\" \/>\n<meta property=\"og:title\" content=\"Reportaje TEI SYSTEM en TV danesa - R\u00d6S&#039;S EST\u00c9TICA\" \/>\n<meta property=\"og:description\" content=\"Presentaci\u00f3n en director de TEI System, la tecnolog\u00eda m\u00e1s conocida en Dinamarca y Noruega en la cadena de televisi\u00f3n danesa Go\u2019morgen Danmark.\" \/>\n<meta property=\"og:url\" content=\"https:\/\/www.ross.es\/e\/estetica\/reportaje-tei-system-en-tv-danesa\/\" \/>\n<meta property=\"og:site_name\" content=\"R\u00d6S&#039;S EST\u00c9TICA\" \/>\n<meta property=\"article:publisher\" content=\"https:\/\/www.facebook.com\/rossbcn\" \/>\n<meta property=\"article:published_time\" content=\"2017-02-08T17:22:15+00:00\" \/>\n<meta property=\"article:modified_time\" content=\"2024-03-06T22:34:24+00:00\" \/>\n<meta property=\"og:image\" content=\"https:\/\/www.ross.es\/e\/wp-content\/uploads\/2020\/07\/20170217_Reportaje-TEI-SYSTEM-en-TV-danesa.jpg\" \/>\n\t<meta property=\"og:image:width\" content=\"1080\" \/>\n\t<meta property=\"og:image:height\" content=\"605\" \/>\n\t<meta property=\"og:image:type\" content=\"image\/jpeg\" \/>\n<meta name=\"author\" content=\"David\" \/>\n<meta name=\"twitter:card\" content=\"summary_large_image\" \/>\n<meta name=\"twitter:label1\" content=\"Escrito por\" \/>\n\t<meta name=\"twitter:data1\" content=\"David\" \/>\n<script type=\"application\/ld+json\" class=\"yoast-schema-graph\">{\"@context\":\"https:\/\/schema.org\",\"@graph\":[{\"@type\":\"Article\",\"@id\":\"https:\/\/www.ross.es\/e\/estetica\/reportaje-tei-system-en-tv-danesa\/#article\",\"isPartOf\":{\"@id\":\"https:\/\/www.ross.es\/e\/estetica\/reportaje-tei-system-en-tv-danesa\/\"},\"author\":{\"name\":\"David\",\"@id\":\"https:\/\/www.ross.es\/e\/#\/schema\/person\/6530b56ccbeaf583a877262598848f89\"},\"headline\":\"Reportaje TEI SYSTEM en TV danesa\",\"datePublished\":\"2017-02-08T17:22:15+00:00\",\"dateModified\":\"2024-03-06T22:34:24+00:00\",\"mainEntityOfPage\":{\"@id\":\"https:\/\/www.ross.es\/e\/estetica\/reportaje-tei-system-en-tv-danesa\/\"},\"wordCount\":45,\"publisher\":{\"@id\":\"https:\/\/www.ross.es\/e\/#organization\"},\"image\":{\"@id\":\"https:\/\/www.ross.es\/e\/estetica\/reportaje-tei-system-en-tv-danesa\/#primaryimage\"},\"thumbnailUrl\":\"https:\/\/www.ross.es\/e\/wp-content\/uploads\/2020\/07\/20170217_Reportaje-TEI-SYSTEM-en-TV-danesa.jpg\",\"keywords\":[\"Dinamarca\",\"reportaje\",\"R\u00f6s's Internacional\",\"tei system\"],\"articleSection\":[\"What's New\"],\"inLanguage\":\"es\"},{\"@type\":\"WebPage\",\"@id\":\"https:\/\/www.ross.es\/e\/estetica\/reportaje-tei-system-en-tv-danesa\/\",\"url\":\"https:\/\/www.ross.es\/e\/estetica\/reportaje-tei-system-en-tv-danesa\/\",\"name\":\"Reportaje TEI SYSTEM en TV danesa - R\u00d6S&#039;S EST\u00c9TICA\",\"isPartOf\":{\"@id\":\"https:\/\/www.ross.es\/e\/#website\"},\"primaryImageOfPage\":{\"@id\":\"https:\/\/www.ross.es\/e\/estetica\/reportaje-tei-system-en-tv-danesa\/#primaryimage\"},\"image\":{\"@id\":\"https:\/\/www.ross.es\/e\/estetica\/reportaje-tei-system-en-tv-danesa\/#primaryimage\"},\"thumbnailUrl\":\"https:\/\/www.ross.es\/e\/wp-content\/uploads\/2020\/07\/20170217_Reportaje-TEI-SYSTEM-en-TV-danesa.jpg\",\"datePublished\":\"2017-02-08T17:22:15+00:00\",\"dateModified\":\"2024-03-06T22:34:24+00:00\",\"description\":\"Presentaci\u00f3n en director de TEI System, la tecnolog\u00eda m\u00e1s conocida en Dinamarca y Noruega en la cadena de televisi\u00f3n danesa Go\u2019morgen Danmark.\",\"breadcrumb\":{\"@id\":\"https:\/\/www.ross.es\/e\/estetica\/reportaje-tei-system-en-tv-danesa\/#breadcrumb\"},\"inLanguage\":\"es\",\"potentialAction\":[{\"@type\":\"ReadAction\",\"target\":[\"https:\/\/www.ross.es\/e\/estetica\/reportaje-tei-system-en-tv-danesa\/\"]}]},{\"@type\":\"ImageObject\",\"inLanguage\":\"es\",\"@id\":\"https:\/\/www.ross.es\/e\/estetica\/reportaje-tei-system-en-tv-danesa\/#primaryimage\",\"url\":\"https:\/\/www.ross.es\/e\/wp-content\/uploads\/2020\/07\/20170217_Reportaje-TEI-SYSTEM-en-TV-danesa.jpg\",\"contentUrl\":\"https:\/\/www.ross.es\/e\/wp-content\/uploads\/2020\/07\/20170217_Reportaje-TEI-SYSTEM-en-TV-danesa.jpg\",\"width\":1080,\"height\":605},{\"@type\":\"BreadcrumbList\",\"@id\":\"https:\/\/www.ross.es\/e\/estetica\/reportaje-tei-system-en-tv-danesa\/#breadcrumb\",\"itemListElement\":[{\"@type\":\"ListItem\",\"position\":1,\"name\":\"Portada\",\"item\":\"https:\/\/www.ross.es\/e\/estetica\/\"},{\"@type\":\"ListItem\",\"position\":2,\"name\":\"Reportaje TEI SYSTEM en TV danesa\"}]},{\"@type\":\"WebSite\",\"@id\":\"https:\/\/www.ross.es\/e\/#website\",\"url\":\"https:\/\/www.ross.es\/e\/\",\"name\":\"R\u00d6S&#039;S EST\u00c9TICA\",\"description\":\"Tecnolog\u00eda est\u00e9tica avanzada\",\"publisher\":{\"@id\":\"https:\/\/www.ross.es\/e\/#organization\"},\"alternateName\":\"ROSS\",\"potentialAction\":[{\"@type\":\"SearchAction\",\"target\":{\"@type\":\"EntryPoint\",\"urlTemplate\":\"https:\/\/www.ross.es\/e\/?s={search_term_string}\"},\"query-input\":\"required name=search_term_string\"}],\"inLanguage\":\"es\"},{\"@type\":\"Organization\",\"@id\":\"https:\/\/www.ross.es\/e\/#organization\",\"name\":\"R\u00d6S'S EST\u00c9TICA, S. L.\",\"alternateName\":\"ROSS\",\"url\":\"https:\/\/www.ross.es\/e\/\",\"logo\":{\"@type\":\"ImageObject\",\"inLanguage\":\"es\",\"@id\":\"https:\/\/www.ross.es\/e\/#\/schema\/logo\/image\/\",\"url\":\"https:\/\/www.ross.es\/e\/wp-content\/uploads\/2023\/07\/ROSS_Tech_orange-web.png\",\"contentUrl\":\"https:\/\/www.ross.es\/e\/wp-content\/uploads\/2023\/07\/ROSS_Tech_orange-web.png\",\"width\":250,\"height\":114,\"caption\":\"R\u00d6S'S EST\u00c9TICA, S. L.\"},\"image\":{\"@id\":\"https:\/\/www.ross.es\/e\/#\/schema\/logo\/image\/\"},\"sameAs\":[\"https:\/\/www.facebook.com\/rossbcn\",\"https:\/\/www.instagram.com\/ross_estetica\/\",\"https:\/\/www.youtube.com\/channel\/UCOIJrcF4iCStBuyetHmkgRg\",\"https:\/\/www.linkedin.com\/company\/rosstecnologia\/\"]},{\"@type\":\"Person\",\"@id\":\"https:\/\/www.ross.es\/e\/#\/schema\/person\/6530b56ccbeaf583a877262598848f89\",\"name\":\"David\",\"image\":{\"@type\":\"ImageObject\",\"inLanguage\":\"es\",\"@id\":\"https:\/\/www.ross.es\/e\/#\/schema\/person\/image\/\",\"url\":\"https:\/\/secure.gravatar.com\/avatar\/c72951259d01874ef2384d4dc28f5a94614b25261abd833502f05b89f47a25f6?s=96&d=mm&r=g\",\"contentUrl\":\"https:\/\/secure.gravatar.com\/avatar\/c72951259d01874ef2384d4dc28f5a94614b25261abd833502f05b89f47a25f6?s=96&d=mm&r=g\",\"caption\":\"David\"}}]}<\/script>\n<!-- \/ Yoast SEO plugin. -->","yoast_head_json":{"title":"Reportaje TEI SYSTEM en TV danesa - R\u00d6S&#039;S EST\u00c9TICA","description":"Presentaci\u00f3n en director de TEI System, la tecnolog\u00eda m\u00e1s conocida en Dinamarca y Noruega en la cadena de televisi\u00f3n danesa Go\u2019morgen Danmark.","robots":{"index":"index","follow":"follow","max-snippet":"max-snippet:-1","max-image-preview":"max-image-preview:large","max-video-preview":"max-video-preview:-1"},"canonical":"https:\/\/www.ross.es\/e\/estetica\/reportaje-tei-system-en-tv-danesa\/","og_locale":"es_ES","og_type":"article","og_title":"Reportaje TEI SYSTEM en TV danesa - R\u00d6S&#039;S EST\u00c9TICA","og_description":"Presentaci\u00f3n en director de TEI System, la tecnolog\u00eda m\u00e1s conocida en Dinamarca y Noruega en la cadena de televisi\u00f3n danesa Go\u2019morgen Danmark.","og_url":"https:\/\/www.ross.es\/e\/estetica\/reportaje-tei-system-en-tv-danesa\/","og_site_name":"R\u00d6S&#039;S EST\u00c9TICA","article_publisher":"https:\/\/www.facebook.com\/rossbcn","article_published_time":"2017-02-08T17:22:15+00:00","article_modified_time":"2024-03-06T22:34:24+00:00","og_image":[{"width":1080,"height":605,"url":"https:\/\/www.ross.es\/e\/wp-content\/uploads\/2020\/07\/20170217_Reportaje-TEI-SYSTEM-en-TV-danesa.jpg","type":"image\/jpeg"}],"author":"David","twitter_card":"summary_large_image","twitter_misc":{"Escrito por":"David"},"schema":{"@context":"https:\/\/schema.org","@graph":[{"@type":"Article","@id":"https:\/\/www.ross.es\/e\/estetica\/reportaje-tei-system-en-tv-danesa\/#article","isPartOf":{"@id":"https:\/\/www.ross.es\/e\/estetica\/reportaje-tei-system-en-tv-danesa\/"},"author":{"name":"David","@id":"https:\/\/www.ross.es\/e\/#\/schema\/person\/6530b56ccbeaf583a877262598848f89"},"headline":"Reportaje TEI SYSTEM en TV danesa","datePublished":"2017-02-08T17:22:15+00:00","dateModified":"2024-03-06T22:34:24+00:00","mainEntityOfPage":{"@id":"https:\/\/www.ross.es\/e\/estetica\/reportaje-tei-system-en-tv-danesa\/"},"wordCount":45,"publisher":{"@id":"https:\/\/www.ross.es\/e\/#organization"},"image":{"@id":"https:\/\/www.ross.es\/e\/estetica\/reportaje-tei-system-en-tv-danesa\/#primaryimage"},"thumbnailUrl":"https:\/\/www.ross.es\/e\/wp-content\/uploads\/2020\/07\/20170217_Reportaje-TEI-SYSTEM-en-TV-danesa.jpg","keywords":["Dinamarca","reportaje","R\u00f6s's Internacional","tei system"],"articleSection":["What's New"],"inLanguage":"es"},{"@type":"WebPage","@id":"https:\/\/www.ross.es\/e\/estetica\/reportaje-tei-system-en-tv-danesa\/","url":"https:\/\/www.ross.es\/e\/estetica\/reportaje-tei-system-en-tv-danesa\/","name":"Reportaje TEI SYSTEM en TV danesa - R\u00d6S&#039;S EST\u00c9TICA","isPartOf":{"@id":"https:\/\/www.ross.es\/e\/#website"},"primaryImageOfPage":{"@id":"https:\/\/www.ross.es\/e\/estetica\/reportaje-tei-system-en-tv-danesa\/#primaryimage"},"image":{"@id":"https:\/\/www.ross.es\/e\/estetica\/reportaje-tei-system-en-tv-danesa\/#primaryimage"},"thumbnailUrl":"https:\/\/www.ross.es\/e\/wp-content\/uploads\/2020\/07\/20170217_Reportaje-TEI-SYSTEM-en-TV-danesa.jpg","datePublished":"2017-02-08T17:22:15+00:00","dateModified":"2024-03-06T22:34:24+00:00","description":"Presentaci\u00f3n en director de TEI System, la tecnolog\u00eda m\u00e1s conocida en Dinamarca y Noruega en la cadena de televisi\u00f3n danesa Go\u2019morgen Danmark.","breadcrumb":{"@id":"https:\/\/www.ross.es\/e\/estetica\/reportaje-tei-system-en-tv-danesa\/#breadcrumb"},"inLanguage":"es","potentialAction":[{"@type":"ReadAction","target":["https:\/\/www.ross.es\/e\/estetica\/reportaje-tei-system-en-tv-danesa\/"]}]},{"@type":"ImageObject","inLanguage":"es","@id":"https:\/\/www.ross.es\/e\/estetica\/reportaje-tei-system-en-tv-danesa\/#primaryimage","url":"https:\/\/www.ross.es\/e\/wp-content\/uploads\/2020\/07\/20170217_Reportaje-TEI-SYSTEM-en-TV-danesa.jpg","contentUrl":"https:\/\/www.ross.es\/e\/wp-content\/uploads\/2020\/07\/20170217_Reportaje-TEI-SYSTEM-en-TV-danesa.jpg","width":1080,"height":605},{"@type":"BreadcrumbList","@id":"https:\/\/www.ross.es\/e\/estetica\/reportaje-tei-system-en-tv-danesa\/#breadcrumb","itemListElement":[{"@type":"ListItem","position":1,"name":"Portada","item":"https:\/\/www.ross.es\/e\/estetica\/"},{"@type":"ListItem","position":2,"name":"Reportaje TEI SYSTEM en TV danesa"}]},{"@type":"WebSite","@id":"https:\/\/www.ross.es\/e\/#website","url":"https:\/\/www.ross.es\/e\/","name":"R\u00d6S&#039;S EST\u00c9TICA","description":"Tecnolog\u00eda est\u00e9tica avanzada","publisher":{"@id":"https:\/\/www.ross.es\/e\/#organization"},"alternateName":"ROSS","potentialAction":[{"@type":"SearchAction","target":{"@type":"EntryPoint","urlTemplate":"https:\/\/www.ross.es\/e\/?s={search_term_string}"},"query-input":"required name=search_term_string"}],"inLanguage":"es"},{"@type":"Organization","@id":"https:\/\/www.ross.es\/e\/#organization","name":"R\u00d6S'S EST\u00c9TICA, S. L.","alternateName":"ROSS","url":"https:\/\/www.ross.es\/e\/","logo":{"@type":"ImageObject","inLanguage":"es","@id":"https:\/\/www.ross.es\/e\/#\/schema\/logo\/image\/","url":"https:\/\/www.ross.es\/e\/wp-content\/uploads\/2023\/07\/ROSS_Tech_orange-web.png","contentUrl":"https:\/\/www.ross.es\/e\/wp-content\/uploads\/2023\/07\/ROSS_Tech_orange-web.png","width":250,"height":114,"caption":"R\u00d6S'S EST\u00c9TICA, S. L."},"image":{"@id":"https:\/\/www.ross.es\/e\/#\/schema\/logo\/image\/"},"sameAs":["https:\/\/www.facebook.com\/rossbcn","https:\/\/www.instagram.com\/ross_estetica\/","https:\/\/www.youtube.com\/channel\/UCOIJrcF4iCStBuyetHmkgRg","https:\/\/www.linkedin.com\/company\/rosstecnologia\/"]},{"@type":"Person","@id":"https:\/\/www.ross.es\/e\/#\/schema\/person\/6530b56ccbeaf583a877262598848f89","name":"David","image":{"@type":"ImageObject","inLanguage":"es","@id":"https:\/\/www.ross.es\/e\/#\/schema\/person\/image\/","url":"https:\/\/secure.gravatar.com\/avatar\/c72951259d01874ef2384d4dc28f5a94614b25261abd833502f05b89f47a25f6?s=96&d=mm&r=g","contentUrl":"https:\/\/secure.gravatar.com\/avatar\/c72951259d01874ef2384d4dc28f5a94614b25261abd833502f05b89f47a25f6?s=96&d=mm&r=g","caption":"David"}}]}},"_links":{"self":[{"href":"https:\/\/www.ross.es\/e\/wp-json\/wp\/v2\/posts\/10370","targetHints":{"allow":["GET"]}}],"collection":[{"href":"https:\/\/www.ross.es\/e\/wp-json\/wp\/v2\/posts"}],"about":[{"href":"https:\/\/www.ross.es\/e\/wp-json\/wp\/v2\/types\/post"}],"author":[{"embeddable":true,"href":"https:\/\/www.ross.es\/e\/wp-json\/wp\/v2\/users\/3"}],"replies":[{"embeddable":true,"href":"https:\/\/www.ross.es\/e\/wp-json\/wp\/v2\/comments?post=10370"}],"version-history":[{"count":1,"href":"https:\/\/www.ross.es\/e\/wp-json\/wp\/v2\/posts\/10370\/revisions"}],"predecessor-version":[{"id":22545,"href":"https:\/\/www.ross.es\/e\/wp-json\/wp\/v2\/posts\/10370\/revisions\/22545"}],"wp:featuredmedia":[{"embeddable":true,"href":"https:\/\/www.ross.es\/e\/wp-json\/wp\/v2\/media\/10371"}],"wp:attachment":[{"href":"https:\/\/www.ross.es\/e\/wp-json\/wp\/v2\/media?parent=10370"}],"wp:term":[{"taxonomy":"category","embeddable":true,"href":"https:\/\/www.ross.es\/e\/wp-json\/wp\/v2\/categories?post=10370"},{"taxonomy":"post_tag","embeddable":true,"href":"https:\/\/www.ross.es\/e\/wp-json\/wp\/v2\/tags?post=10370"}],"curies":[{"name":"wp","href":"https:\/\/api.w.org\/{rel}","templated":true}]}}