{"id":22262,"date":"2024-02-02T15:05:05","date_gmt":"2024-02-02T14:05:05","guid":{"rendered":"https:\/\/www.ross.es\/e\/?p=22262"},"modified":"2024-02-02T15:05:08","modified_gmt":"2024-02-02T14:05:08","slug":"gran-exito-en-el-encuentro-nacional-de-distribuidores-2024","status":"publish","type":"post","link":"https:\/\/www.ross.es\/e\/estetica\/gran-exito-en-el-encuentro-nacional-de-distribuidores-2024\/","title":{"rendered":"\u00a1Gran \u00e9xito en el Encuentro Nacional de Distribuidores 2024!"},"content":{"rendered":"[et_pb_section fb_built=\u00bb1&#8243; _builder_version=\u00bb4.18.0&#8243; custom_padding=\u00bb0px||0px||false|false\u00bb global_colors_info=\u00bb{}\u00bb][et_pb_row _builder_version=\u00bb4.18.0&#8243; background_size=\u00bbinitial\u00bb background_position=\u00bbtop_left\u00bb background_repeat=\u00bbrepeat\u00bb width=\u00bb100%\u00bb global_colors_info=\u00bb{}\u00bb][et_pb_column type=\u00bb4_4&#8243; _builder_version=\u00bb4.16&#8243; custom_padding=\u00bb|||\u00bb global_colors_info=\u00bb{}\u00bb custom_padding__hover=\u00bb|||\u00bb][et_pb_text _builder_version=\u00bb4.24.0&#8243; background_size=\u00bbinitial\u00bb background_position=\u00bbtop_left\u00bb background_repeat=\u00bbrepeat\u00bb global_colors_info=\u00bb{}\u00bb]Recientemente, celebramos con gran \u00e9xito nuestro evento anual, el Encuentro Nacional de Distribuidores, que tuvo lugar en la sede de R\u00d6S\u2019S EST\u00c9TICA en Castelldefels, Barcelona.<\/p>\n<p>Carlos Moliner, el CEO de R\u00d6S\u2019S Est\u00e9tica, inaugur\u00f3 la jornada destacando la misi\u00f3n y visi\u00f3n de la empresa, marcando el tono para una jornada llena de innovaci\u00f3n y colaboraci\u00f3n.[\/et_pb_text][\/et_pb_column][\/et_pb_row][et_pb_row column_structure=\u00bb1_2,1_2&#8243; _builder_version=\u00bb4.18.0&#8243; background_size=\u00bbinitial\u00bb background_position=\u00bbtop_left\u00bb background_repeat=\u00bbrepeat\u00bb width=\u00bb100%\u00bb global_colors_info=\u00bb{}\u00bb][et_pb_column type=\u00bb1_2&#8243; _builder_version=\u00bb4.16&#8243; custom_padding=\u00bb|||\u00bb global_colors_info=\u00bb{}\u00bb custom_padding__hover=\u00bb|||\u00bb][et_pb_video src=\u00bbhttps:\/\/www.ross.es\/e\/wp-content\/uploads\/2024\/02\/Ross-Distribuidores-2024.mp4&#8243; _builder_version=\u00bb4.24.0&#8243; _module_preset=\u00bbdefault\u00bb global_colors_info=\u00bb{}\u00bb][\/et_pb_video][\/et_pb_column][et_pb_column type=\u00bb1_2&#8243; _builder_version=\u00bb4.16&#8243; custom_padding=\u00bb|||\u00bb global_colors_info=\u00bb{}\u00bb custom_padding__hover=\u00bb|||\u00bb][et_pb_text _builder_version=\u00bb4.24.0&#8243; background_size=\u00bbinitial\u00bb background_position=\u00bbtop_left\u00bb background_repeat=\u00bbrepeat\u00bb global_colors_info=\u00bb{}\u00bb]\n<p>La jornada continu\u00f3 con la presentaci\u00f3n de Yol Rodriguez, nuestra nueva incorporaci\u00f3n como Global Sales Manager, quien aportar\u00e1 su experiencia y liderazgo al equipo para fortalecer a\u00fan m\u00e1s nuestra presencia global en el mercado de la aparatolog\u00eda est\u00e9tica.<\/p>\n<p>Jaume Condemines, director de ingenier\u00eda, comparti\u00f3 valiosas perspectivas sobre c\u00f3mo la empresa aborda las certificaciones, implementa mejoras y planifica nuevos proyectos. Su presentaci\u00f3n brind\u00f3 a los distribuidores una visi\u00f3n clara de la excelencia t\u00e9cnica que respalda cada producto y servicio de R\u00d6S\u2019S EST\u00c9TICA.<\/p>\n[\/et_pb_text][\/et_pb_column][\/et_pb_row][et_pb_row _builder_version=\u00bb4.18.0&#8243; background_size=\u00bbinitial\u00bb background_position=\u00bbtop_left\u00bb background_repeat=\u00bbrepeat\u00bb width=\u00bb100%\u00bb global_colors_info=\u00bb{}\u00bb][et_pb_column type=\u00bb4_4&#8243; _builder_version=\u00bb4.16&#8243; custom_padding=\u00bb|||\u00bb global_colors_info=\u00bb{}\u00bb custom_padding__hover=\u00bb|||\u00bb][et_pb_text _builder_version=\u00bb4.24.0&#8243; background_size=\u00bbinitial\u00bb background_position=\u00bbtop_left\u00bb background_repeat=\u00bbrepeat\u00bb global_colors_info=\u00bb{}\u00bb]La fisioterapeuta Anna Abell\u00f3 fue la encargada de establecer las bases cient\u00edficas del l\u00edder del equipo en ultraremodelaci\u00f3n, el Rollsystemic. Su conocimiento profundo sobre el funcionamiento del sistema proporcion\u00f3 una comprensi\u00f3n clara de la eficacia y la innovaci\u00f3n detr\u00e1s de nuestros productos.<\/p>\n<p>La directora de asesor\u00eda, Noelia Casanovas, llev\u00f3 a cabo una presentaci\u00f3n detallada, mostrando c\u00f3mo la evidencia cient\u00edfica se traduce directamente en los tratamientos de cabina. Este enfoque integral y cient\u00edfico respalda cada uno de nuestros servicios, garantizando resultados notables para nuestros clientes.<\/p>\n<p>A pesar de la distancia f\u00edsica, nos sentimos honrados de contar con la participaci\u00f3n virtual de Mina, clienta leal de R\u00d6S\u2019S desde 2009, quien comparte su amor por el RollSystemic. Su testimonio digital es un testimonio elocuente de la satisfacci\u00f3n y fidelidad de nuestros clientes a lo largo del tiempo.[\/et_pb_text][\/et_pb_column][\/et_pb_row][et_pb_row column_structure=\u00bb1_2,1_2&#8243; _builder_version=\u00bb4.18.0&#8243; background_size=\u00bbinitial\u00bb background_position=\u00bbtop_left\u00bb background_repeat=\u00bbrepeat\u00bb width=\u00bb100%\u00bb global_colors_info=\u00bb{}\u00bb][et_pb_column type=\u00bb1_2&#8243; _builder_version=\u00bb4.16&#8243; custom_padding=\u00bb|||\u00bb global_colors_info=\u00bb{}\u00bb custom_padding__hover=\u00bb|||\u00bb][et_pb_image src=\u00bbhttps:\/\/www.ross.es\/e\/wp-content\/uploads\/2024\/02\/Ross-Distribuidores-2024-07.webp\u00bb title_text=\u00bbRoss Distribuidores 2024-07&#8243; _builder_version=\u00bb4.24.0&#8243; _module_preset=\u00bbdefault\u00bb global_colors_info=\u00bb{}\u00bb][\/et_pb_image][\/et_pb_column][et_pb_column type=\u00bb1_2&#8243; _builder_version=\u00bb4.16&#8243; custom_padding=\u00bb|||\u00bb global_colors_info=\u00bb{}\u00bb custom_padding__hover=\u00bb|||\u00bb][et_pb_image src=\u00bbhttps:\/\/www.ross.es\/e\/wp-content\/uploads\/2024\/02\/Ross-Distribuidores-2024-01.webp\u00bb title_text=\u00bbRoss Distribuidores 2024-01&#8243; _builder_version=\u00bb4.24.0&#8243; _module_preset=\u00bbdefault\u00bb global_colors_info=\u00bb{}\u00bb][\/et_pb_image][\/et_pb_column][\/et_pb_row][et_pb_row column_structure=\u00bb1_2,1_2&#8243; _builder_version=\u00bb4.18.0&#8243; background_size=\u00bbinitial\u00bb background_position=\u00bbtop_left\u00bb background_repeat=\u00bbrepeat\u00bb width=\u00bb100%\u00bb global_colors_info=\u00bb{}\u00bb][et_pb_column type=\u00bb1_2&#8243; _builder_version=\u00bb4.16&#8243; custom_padding=\u00bb|||\u00bb global_colors_info=\u00bb{}\u00bb custom_padding__hover=\u00bb|||\u00bb][et_pb_image src=\u00bbhttps:\/\/www.ross.es\/e\/wp-content\/uploads\/2024\/02\/Ross-Distribuidores-2024-02.webp\u00bb title_text=\u00bbRoss Distribuidores 2024-02&#8243; _builder_version=\u00bb4.24.0&#8243; _module_preset=\u00bbdefault\u00bb global_colors_info=\u00bb{}\u00bb][\/et_pb_image][\/et_pb_column][et_pb_column type=\u00bb1_2&#8243; _builder_version=\u00bb4.16&#8243; custom_padding=\u00bb|||\u00bb global_colors_info=\u00bb{}\u00bb custom_padding__hover=\u00bb|||\u00bb][et_pb_image src=\u00bbhttps:\/\/www.ross.es\/e\/wp-content\/uploads\/2024\/02\/Ross-Distribuidores-2024-03.webp\u00bb title_text=\u00bbRoss Distribuidores 2024-03&#8243; _builder_version=\u00bb4.24.0&#8243; _module_preset=\u00bbdefault\u00bb global_colors_info=\u00bb{}\u00bb][\/et_pb_image][\/et_pb_column][\/et_pb_row][et_pb_row _builder_version=\u00bb4.18.0&#8243; background_size=\u00bbinitial\u00bb background_position=\u00bbtop_left\u00bb background_repeat=\u00bbrepeat\u00bb width=\u00bb100%\u00bb global_colors_info=\u00bb{}\u00bb][et_pb_column type=\u00bb4_4&#8243; _builder_version=\u00bb4.16&#8243; custom_padding=\u00bb|||\u00bb global_colors_info=\u00bb{}\u00bb custom_padding__hover=\u00bb|||\u00bb][et_pb_text _builder_version=\u00bb4.24.0&#8243; background_size=\u00bbinitial\u00bb background_position=\u00bbtop_left\u00bb background_repeat=\u00bbrepeat\u00bb global_colors_info=\u00bb{}\u00bb]\n<p>Queremos expresar nuestro sincero agradecimiento a todos los distribuidores que asistieron, su presencia y apoyo son fundamentales para alcanzar nuestro objetivo com\u00fan: <strong>MEJORAR LA VIDA DE LAS PERSONAS<\/strong>. Juntos, continuaremos avanzando en la vanguardia de la aparatolog\u00eda est\u00e9tica, brindando soluciones innovadoras que transforman y mejoran la experiencia est\u00e9tica para todos. \u00a1Gracias por ser parte de este emocionante viaje con R\u00d6S\u2019S EST\u00c9TICA!<\/p>\n[\/et_pb_text][\/et_pb_column][\/et_pb_row][et_pb_row column_structure=\u00bb1_2,1_2&#8243; _builder_version=\u00bb4.18.0&#8243; background_size=\u00bbinitial\u00bb background_position=\u00bbtop_left\u00bb background_repeat=\u00bbrepeat\u00bb width=\u00bb100%\u00bb global_colors_info=\u00bb{}\u00bb][et_pb_column type=\u00bb1_2&#8243; _builder_version=\u00bb4.16&#8243; custom_padding=\u00bb|||\u00bb global_colors_info=\u00bb{}\u00bb custom_padding__hover=\u00bb|||\u00bb][et_pb_image src=\u00bbhttps:\/\/www.ross.es\/e\/wp-content\/uploads\/2024\/02\/Ross-Distribuidores-2024-05.webp\u00bb title_text=\u00bbRoss Distribuidores 2024-05&#8243; _builder_version=\u00bb4.24.0&#8243; _module_preset=\u00bbdefault\u00bb global_colors_info=\u00bb{}\u00bb][\/et_pb_image][\/et_pb_column][et_pb_column type=\u00bb1_2&#8243; _builder_version=\u00bb4.16&#8243; custom_padding=\u00bb|||\u00bb global_colors_info=\u00bb{}\u00bb custom_padding__hover=\u00bb|||\u00bb][et_pb_image src=\u00bbhttps:\/\/www.ross.es\/e\/wp-content\/uploads\/2024\/02\/Ross-Distribuidores-2024-04.webp\u00bb title_text=\u00bbRoss Distribuidores 2024-04&#8243; _builder_version=\u00bb4.24.0&#8243; _module_preset=\u00bbdefault\u00bb global_colors_info=\u00bb{}\u00bb][\/et_pb_image][\/et_pb_column][\/et_pb_row][et_pb_row column_structure=\u00bb1_2,1_2&#8243; _builder_version=\u00bb4.18.0&#8243; background_size=\u00bbinitial\u00bb background_position=\u00bbtop_left\u00bb background_repeat=\u00bbrepeat\u00bb width=\u00bb100%\u00bb global_colors_info=\u00bb{}\u00bb][et_pb_column type=\u00bb1_2&#8243; _builder_version=\u00bb4.16&#8243; custom_padding=\u00bb|||\u00bb global_colors_info=\u00bb{}\u00bb custom_padding__hover=\u00bb|||\u00bb][et_pb_image src=\u00bbhttps:\/\/www.ross.es\/e\/wp-content\/uploads\/2024\/02\/Ross-Distribuidores-2024-06.webp\u00bb title_text=\u00bbRoss Distribuidores 2024-06&#8243; _builder_version=\u00bb4.24.0&#8243; _module_preset=\u00bbdefault\u00bb global_colors_info=\u00bb{}\u00bb][\/et_pb_image][\/et_pb_column][et_pb_column type=\u00bb1_2&#8243; _builder_version=\u00bb4.16&#8243; custom_padding=\u00bb|||\u00bb global_colors_info=\u00bb{}\u00bb custom_padding__hover=\u00bb|||\u00bb][et_pb_image src=\u00bbhttps:\/\/www.ross.es\/e\/wp-content\/uploads\/2024\/02\/Ross-Distribuidores-2024-08.webp\u00bb title_text=\u00bbRoss Distribuidores 2024-08&#8243; _builder_version=\u00bb4.24.0&#8243; _module_preset=\u00bbdefault\u00bb global_colors_info=\u00bb{}\u00bb][\/et_pb_image][\/et_pb_column][\/et_pb_row][\/et_pb_section]\n","protected":false},"excerpt":{"rendered":"<p>Recientemente, celebramos con gran \u00e9xito nuestro evento anual, el Encuentro Nacional de Distribuidores, que tuvo lugar en la sede de R\u00d6S\u2019S EST\u00c9TICA en Castelldefels, Barcelona. Carlos Moliner, el CEO de R\u00d6S\u2019S Est\u00e9tica, inaugur\u00f3 la jornada destacando la misi\u00f3n y visi\u00f3n de la empresa, marcando el tono para una jornada llena de innovaci\u00f3n y colaboraci\u00f3n.La jornada [&hellip;]<\/p>\n","protected":false},"author":3,"featured_media":22266,"comment_status":"closed","ping_status":"closed","sticky":false,"template":"","format":"standard","meta":{"_et_pb_use_builder":"on","_et_pb_old_content":"\u00a0\r\n\r\n<strong>Roll Systemic<\/strong><span style=\"caret-color: #212121; color: #212121; font-family: Calibri, sans-serif; font-size: 14px; font-style: normal; font-variant-caps: normal; font-weight: normal; letter-spacing: normal; orphans: auto; text-align: start; text-indent: 0px; text-transform: none; white-space: normal; widows: auto; word-spacing: 0px; -webkit-tap-highlight-color: rgba(26, 26, 26, 0.3); -webkit-text-size-adjust: 100%; -webkit-text-stroke-width: 0px; text-decoration: none; display: inline !important; float: none;\">, la tecnolog\u00eda endoactivadora que R\u00d6S\u2019S presenta a nivel nacional con la colaboraci\u00f3n de nuestra red oficial de distribuidores.<\/span>\r\n\r\n<img class=\"alignnone wp-image-18948 size-full\" src=\"https:\/\/www.ross.es\/e\/wp-content\/uploads\/2022\/03\/RollSystemic_calendario-20220222.webp\" alt=\"\" width=\"1080\" height=\"1600\" \/>\r\n\r\n\u00a0","_et_gb_content_width":"","_joinchat":[],"footnotes":""},"categories":[1985],"tags":[2961,2966,110,2515,2715],"class_list":["post-22262","post","type-post","status-publish","format-standard","has-post-thumbnail","hentry","category-whats-new","tag-2961","tag-distribuidores","tag-estetica","tag-evento","tag-ross"],"yoast_head":"<!-- This site is optimized with the Yoast SEO plugin v23.3 - https:\/\/yoast.com\/wordpress\/plugins\/seo\/ -->\n<title>\u00a1Gran \u00e9xito en el Encuentro Nacional de Distribuidores 2024! - R\u00d6S&#039;S EST\u00c9TICA<\/title>\n<meta name=\"description\" content=\"R\u00d6S\u2019S EST\u00c9TICA celebra la jornada con los distrubuidores destacando la misi\u00f3n y una visi\u00f3n de la empresa llena de innovaci\u00f3n y colaboraci\u00f3n.\" \/>\n<meta name=\"robots\" content=\"index, follow, max-snippet:-1, max-image-preview:large, max-video-preview:-1\" \/>\n<link rel=\"canonical\" href=\"https:\/\/www.ross.es\/e\/estetica\/gran-exito-en-el-encuentro-nacional-de-distribuidores-2024\/\" \/>\n<meta property=\"og:locale\" content=\"es_ES\" \/>\n<meta property=\"og:type\" content=\"article\" \/>\n<meta property=\"og:title\" content=\"\u00a1Gran \u00e9xito en el Encuentro Nacional de Distribuidores 2024! - R\u00d6S&#039;S EST\u00c9TICA\" \/>\n<meta property=\"og:description\" content=\"R\u00d6S\u2019S EST\u00c9TICA celebra la jornada con los distrubuidores destacando la misi\u00f3n y una visi\u00f3n de la empresa llena de innovaci\u00f3n y colaboraci\u00f3n.\" \/>\n<meta property=\"og:url\" content=\"https:\/\/www.ross.es\/e\/estetica\/gran-exito-en-el-encuentro-nacional-de-distribuidores-2024\/\" \/>\n<meta property=\"og:site_name\" content=\"R\u00d6S&#039;S EST\u00c9TICA\" \/>\n<meta property=\"article:publisher\" content=\"https:\/\/www.facebook.com\/rossbcn\" \/>\n<meta property=\"article:published_time\" content=\"2024-02-02T14:05:05+00:00\" \/>\n<meta property=\"article:modified_time\" content=\"2024-02-02T14:05:08+00:00\" \/>\n<meta property=\"og:image\" content=\"https:\/\/www.ross.es\/e\/wp-content\/uploads\/2024\/02\/20240201-Ross-Distribuidores.webp\" \/>\n\t<meta property=\"og:image:width\" content=\"1200\" \/>\n\t<meta property=\"og:image:height\" content=\"751\" \/>\n\t<meta property=\"og:image:type\" content=\"image\/webp\" \/>\n<meta name=\"author\" content=\"David\" \/>\n<meta name=\"twitter:card\" content=\"summary_large_image\" \/>\n<meta name=\"twitter:label1\" content=\"Escrito por\" \/>\n\t<meta name=\"twitter:data1\" content=\"David\" \/>\n\t<meta name=\"twitter:label2\" content=\"Tiempo de lectura\" \/>\n\t<meta name=\"twitter:data2\" content=\"4 minutos\" \/>\n<script type=\"application\/ld+json\" class=\"yoast-schema-graph\">{\"@context\":\"https:\/\/schema.org\",\"@graph\":[{\"@type\":\"Article\",\"@id\":\"https:\/\/www.ross.es\/e\/estetica\/gran-exito-en-el-encuentro-nacional-de-distribuidores-2024\/#article\",\"isPartOf\":{\"@id\":\"https:\/\/www.ross.es\/e\/estetica\/gran-exito-en-el-encuentro-nacional-de-distribuidores-2024\/\"},\"author\":{\"name\":\"David\",\"@id\":\"https:\/\/www.ross.es\/e\/#\/schema\/person\/6530b56ccbeaf583a877262598848f89\"},\"headline\":\"\u00a1Gran \u00e9xito en el Encuentro Nacional de Distribuidores 2024!\",\"datePublished\":\"2024-02-02T14:05:05+00:00\",\"dateModified\":\"2024-02-02T14:05:08+00:00\",\"mainEntityOfPage\":{\"@id\":\"https:\/\/www.ross.es\/e\/estetica\/gran-exito-en-el-encuentro-nacional-de-distribuidores-2024\/\"},\"wordCount\":1158,\"publisher\":{\"@id\":\"https:\/\/www.ross.es\/e\/#organization\"},\"image\":{\"@id\":\"https:\/\/www.ross.es\/e\/estetica\/gran-exito-en-el-encuentro-nacional-de-distribuidores-2024\/#primaryimage\"},\"thumbnailUrl\":\"https:\/\/www.ross.es\/e\/wp-content\/uploads\/2024\/02\/20240201-Ross-Distribuidores.webp\",\"keywords\":[\"2024\",\"Distribuidores\",\"est\u00e9tica\",\"evento\",\"R\u00f6s's\"],\"articleSection\":[\"What's New\"],\"inLanguage\":\"es\"},{\"@type\":\"WebPage\",\"@id\":\"https:\/\/www.ross.es\/e\/estetica\/gran-exito-en-el-encuentro-nacional-de-distribuidores-2024\/\",\"url\":\"https:\/\/www.ross.es\/e\/estetica\/gran-exito-en-el-encuentro-nacional-de-distribuidores-2024\/\",\"name\":\"\u00a1Gran \u00e9xito en el Encuentro Nacional de Distribuidores 2024! - R\u00d6S&#039;S EST\u00c9TICA\",\"isPartOf\":{\"@id\":\"https:\/\/www.ross.es\/e\/#website\"},\"primaryImageOfPage\":{\"@id\":\"https:\/\/www.ross.es\/e\/estetica\/gran-exito-en-el-encuentro-nacional-de-distribuidores-2024\/#primaryimage\"},\"image\":{\"@id\":\"https:\/\/www.ross.es\/e\/estetica\/gran-exito-en-el-encuentro-nacional-de-distribuidores-2024\/#primaryimage\"},\"thumbnailUrl\":\"https:\/\/www.ross.es\/e\/wp-content\/uploads\/2024\/02\/20240201-Ross-Distribuidores.webp\",\"datePublished\":\"2024-02-02T14:05:05+00:00\",\"dateModified\":\"2024-02-02T14:05:08+00:00\",\"description\":\"R\u00d6S\u2019S EST\u00c9TICA celebra la jornada con los distrubuidores destacando la misi\u00f3n y una visi\u00f3n de la empresa llena de innovaci\u00f3n y colaboraci\u00f3n.\",\"breadcrumb\":{\"@id\":\"https:\/\/www.ross.es\/e\/estetica\/gran-exito-en-el-encuentro-nacional-de-distribuidores-2024\/#breadcrumb\"},\"inLanguage\":\"es\",\"potentialAction\":[{\"@type\":\"ReadAction\",\"target\":[\"https:\/\/www.ross.es\/e\/estetica\/gran-exito-en-el-encuentro-nacional-de-distribuidores-2024\/\"]}]},{\"@type\":\"ImageObject\",\"inLanguage\":\"es\",\"@id\":\"https:\/\/www.ross.es\/e\/estetica\/gran-exito-en-el-encuentro-nacional-de-distribuidores-2024\/#primaryimage\",\"url\":\"https:\/\/www.ross.es\/e\/wp-content\/uploads\/2024\/02\/20240201-Ross-Distribuidores.webp\",\"contentUrl\":\"https:\/\/www.ross.es\/e\/wp-content\/uploads\/2024\/02\/20240201-Ross-Distribuidores.webp\",\"width\":1200,\"height\":751},{\"@type\":\"BreadcrumbList\",\"@id\":\"https:\/\/www.ross.es\/e\/estetica\/gran-exito-en-el-encuentro-nacional-de-distribuidores-2024\/#breadcrumb\",\"itemListElement\":[{\"@type\":\"ListItem\",\"position\":1,\"name\":\"Portada\",\"item\":\"https:\/\/www.ross.es\/e\/estetica\/\"},{\"@type\":\"ListItem\",\"position\":2,\"name\":\"\u00a1Gran \u00e9xito en el Encuentro Nacional de Distribuidores 2024!\"}]},{\"@type\":\"WebSite\",\"@id\":\"https:\/\/www.ross.es\/e\/#website\",\"url\":\"https:\/\/www.ross.es\/e\/\",\"name\":\"R\u00d6S&#039;S EST\u00c9TICA\",\"description\":\"Tecnolog\u00eda est\u00e9tica avanzada\",\"publisher\":{\"@id\":\"https:\/\/www.ross.es\/e\/#organization\"},\"alternateName\":\"ROSS\",\"potentialAction\":[{\"@type\":\"SearchAction\",\"target\":{\"@type\":\"EntryPoint\",\"urlTemplate\":\"https:\/\/www.ross.es\/e\/?s={search_term_string}\"},\"query-input\":\"required name=search_term_string\"}],\"inLanguage\":\"es\"},{\"@type\":\"Organization\",\"@id\":\"https:\/\/www.ross.es\/e\/#organization\",\"name\":\"R\u00d6S'S EST\u00c9TICA, S. L.\",\"alternateName\":\"ROSS\",\"url\":\"https:\/\/www.ross.es\/e\/\",\"logo\":{\"@type\":\"ImageObject\",\"inLanguage\":\"es\",\"@id\":\"https:\/\/www.ross.es\/e\/#\/schema\/logo\/image\/\",\"url\":\"https:\/\/www.ross.es\/e\/wp-content\/uploads\/2023\/07\/ROSS_Tech_orange-web.png\",\"contentUrl\":\"https:\/\/www.ross.es\/e\/wp-content\/uploads\/2023\/07\/ROSS_Tech_orange-web.png\",\"width\":250,\"height\":114,\"caption\":\"R\u00d6S'S EST\u00c9TICA, S. L.\"},\"image\":{\"@id\":\"https:\/\/www.ross.es\/e\/#\/schema\/logo\/image\/\"},\"sameAs\":[\"https:\/\/www.facebook.com\/rossbcn\",\"https:\/\/www.instagram.com\/ross_estetica\/\",\"https:\/\/www.youtube.com\/channel\/UCOIJrcF4iCStBuyetHmkgRg\",\"https:\/\/www.linkedin.com\/company\/rosstecnologia\/\"]},{\"@type\":\"Person\",\"@id\":\"https:\/\/www.ross.es\/e\/#\/schema\/person\/6530b56ccbeaf583a877262598848f89\",\"name\":\"David\",\"image\":{\"@type\":\"ImageObject\",\"inLanguage\":\"es\",\"@id\":\"https:\/\/www.ross.es\/e\/#\/schema\/person\/image\/\",\"url\":\"https:\/\/secure.gravatar.com\/avatar\/c72951259d01874ef2384d4dc28f5a94614b25261abd833502f05b89f47a25f6?s=96&d=mm&r=g\",\"contentUrl\":\"https:\/\/secure.gravatar.com\/avatar\/c72951259d01874ef2384d4dc28f5a94614b25261abd833502f05b89f47a25f6?s=96&d=mm&r=g\",\"caption\":\"David\"}}]}<\/script>\n<!-- \/ Yoast SEO plugin. -->","yoast_head_json":{"title":"\u00a1Gran \u00e9xito en el Encuentro Nacional de Distribuidores 2024! - R\u00d6S&#039;S EST\u00c9TICA","description":"R\u00d6S\u2019S EST\u00c9TICA celebra la jornada con los distrubuidores destacando la misi\u00f3n y una visi\u00f3n de la empresa llena de innovaci\u00f3n y colaboraci\u00f3n.","robots":{"index":"index","follow":"follow","max-snippet":"max-snippet:-1","max-image-preview":"max-image-preview:large","max-video-preview":"max-video-preview:-1"},"canonical":"https:\/\/www.ross.es\/e\/estetica\/gran-exito-en-el-encuentro-nacional-de-distribuidores-2024\/","og_locale":"es_ES","og_type":"article","og_title":"\u00a1Gran \u00e9xito en el Encuentro Nacional de Distribuidores 2024! - R\u00d6S&#039;S EST\u00c9TICA","og_description":"R\u00d6S\u2019S EST\u00c9TICA celebra la jornada con los distrubuidores destacando la misi\u00f3n y una visi\u00f3n de la empresa llena de innovaci\u00f3n y colaboraci\u00f3n.","og_url":"https:\/\/www.ross.es\/e\/estetica\/gran-exito-en-el-encuentro-nacional-de-distribuidores-2024\/","og_site_name":"R\u00d6S&#039;S EST\u00c9TICA","article_publisher":"https:\/\/www.facebook.com\/rossbcn","article_published_time":"2024-02-02T14:05:05+00:00","article_modified_time":"2024-02-02T14:05:08+00:00","og_image":[{"width":1200,"height":751,"url":"https:\/\/www.ross.es\/e\/wp-content\/uploads\/2024\/02\/20240201-Ross-Distribuidores.webp","type":"image\/webp"}],"author":"David","twitter_card":"summary_large_image","twitter_misc":{"Escrito por":"David","Tiempo de lectura":"4 minutos"},"schema":{"@context":"https:\/\/schema.org","@graph":[{"@type":"Article","@id":"https:\/\/www.ross.es\/e\/estetica\/gran-exito-en-el-encuentro-nacional-de-distribuidores-2024\/#article","isPartOf":{"@id":"https:\/\/www.ross.es\/e\/estetica\/gran-exito-en-el-encuentro-nacional-de-distribuidores-2024\/"},"author":{"name":"David","@id":"https:\/\/www.ross.es\/e\/#\/schema\/person\/6530b56ccbeaf583a877262598848f89"},"headline":"\u00a1Gran \u00e9xito en el Encuentro Nacional de Distribuidores 2024!","datePublished":"2024-02-02T14:05:05+00:00","dateModified":"2024-02-02T14:05:08+00:00","mainEntityOfPage":{"@id":"https:\/\/www.ross.es\/e\/estetica\/gran-exito-en-el-encuentro-nacional-de-distribuidores-2024\/"},"wordCount":1158,"publisher":{"@id":"https:\/\/www.ross.es\/e\/#organization"},"image":{"@id":"https:\/\/www.ross.es\/e\/estetica\/gran-exito-en-el-encuentro-nacional-de-distribuidores-2024\/#primaryimage"},"thumbnailUrl":"https:\/\/www.ross.es\/e\/wp-content\/uploads\/2024\/02\/20240201-Ross-Distribuidores.webp","keywords":["2024","Distribuidores","est\u00e9tica","evento","R\u00f6s's"],"articleSection":["What's New"],"inLanguage":"es"},{"@type":"WebPage","@id":"https:\/\/www.ross.es\/e\/estetica\/gran-exito-en-el-encuentro-nacional-de-distribuidores-2024\/","url":"https:\/\/www.ross.es\/e\/estetica\/gran-exito-en-el-encuentro-nacional-de-distribuidores-2024\/","name":"\u00a1Gran \u00e9xito en el Encuentro Nacional de Distribuidores 2024! - R\u00d6S&#039;S EST\u00c9TICA","isPartOf":{"@id":"https:\/\/www.ross.es\/e\/#website"},"primaryImageOfPage":{"@id":"https:\/\/www.ross.es\/e\/estetica\/gran-exito-en-el-encuentro-nacional-de-distribuidores-2024\/#primaryimage"},"image":{"@id":"https:\/\/www.ross.es\/e\/estetica\/gran-exito-en-el-encuentro-nacional-de-distribuidores-2024\/#primaryimage"},"thumbnailUrl":"https:\/\/www.ross.es\/e\/wp-content\/uploads\/2024\/02\/20240201-Ross-Distribuidores.webp","datePublished":"2024-02-02T14:05:05+00:00","dateModified":"2024-02-02T14:05:08+00:00","description":"R\u00d6S\u2019S EST\u00c9TICA celebra la jornada con los distrubuidores destacando la misi\u00f3n y una visi\u00f3n de la empresa llena de innovaci\u00f3n y colaboraci\u00f3n.","breadcrumb":{"@id":"https:\/\/www.ross.es\/e\/estetica\/gran-exito-en-el-encuentro-nacional-de-distribuidores-2024\/#breadcrumb"},"inLanguage":"es","potentialAction":[{"@type":"ReadAction","target":["https:\/\/www.ross.es\/e\/estetica\/gran-exito-en-el-encuentro-nacional-de-distribuidores-2024\/"]}]},{"@type":"ImageObject","inLanguage":"es","@id":"https:\/\/www.ross.es\/e\/estetica\/gran-exito-en-el-encuentro-nacional-de-distribuidores-2024\/#primaryimage","url":"https:\/\/www.ross.es\/e\/wp-content\/uploads\/2024\/02\/20240201-Ross-Distribuidores.webp","contentUrl":"https:\/\/www.ross.es\/e\/wp-content\/uploads\/2024\/02\/20240201-Ross-Distribuidores.webp","width":1200,"height":751},{"@type":"BreadcrumbList","@id":"https:\/\/www.ross.es\/e\/estetica\/gran-exito-en-el-encuentro-nacional-de-distribuidores-2024\/#breadcrumb","itemListElement":[{"@type":"ListItem","position":1,"name":"Portada","item":"https:\/\/www.ross.es\/e\/estetica\/"},{"@type":"ListItem","position":2,"name":"\u00a1Gran \u00e9xito en el Encuentro Nacional de Distribuidores 2024!"}]},{"@type":"WebSite","@id":"https:\/\/www.ross.es\/e\/#website","url":"https:\/\/www.ross.es\/e\/","name":"R\u00d6S&#039;S EST\u00c9TICA","description":"Tecnolog\u00eda est\u00e9tica avanzada","publisher":{"@id":"https:\/\/www.ross.es\/e\/#organization"},"alternateName":"ROSS","potentialAction":[{"@type":"SearchAction","target":{"@type":"EntryPoint","urlTemplate":"https:\/\/www.ross.es\/e\/?s={search_term_string}"},"query-input":"required name=search_term_string"}],"inLanguage":"es"},{"@type":"Organization","@id":"https:\/\/www.ross.es\/e\/#organization","name":"R\u00d6S'S EST\u00c9TICA, S. L.","alternateName":"ROSS","url":"https:\/\/www.ross.es\/e\/","logo":{"@type":"ImageObject","inLanguage":"es","@id":"https:\/\/www.ross.es\/e\/#\/schema\/logo\/image\/","url":"https:\/\/www.ross.es\/e\/wp-content\/uploads\/2023\/07\/ROSS_Tech_orange-web.png","contentUrl":"https:\/\/www.ross.es\/e\/wp-content\/uploads\/2023\/07\/ROSS_Tech_orange-web.png","width":250,"height":114,"caption":"R\u00d6S'S EST\u00c9TICA, S. L."},"image":{"@id":"https:\/\/www.ross.es\/e\/#\/schema\/logo\/image\/"},"sameAs":["https:\/\/www.facebook.com\/rossbcn","https:\/\/www.instagram.com\/ross_estetica\/","https:\/\/www.youtube.com\/channel\/UCOIJrcF4iCStBuyetHmkgRg","https:\/\/www.linkedin.com\/company\/rosstecnologia\/"]},{"@type":"Person","@id":"https:\/\/www.ross.es\/e\/#\/schema\/person\/6530b56ccbeaf583a877262598848f89","name":"David","image":{"@type":"ImageObject","inLanguage":"es","@id":"https:\/\/www.ross.es\/e\/#\/schema\/person\/image\/","url":"https:\/\/secure.gravatar.com\/avatar\/c72951259d01874ef2384d4dc28f5a94614b25261abd833502f05b89f47a25f6?s=96&d=mm&r=g","contentUrl":"https:\/\/secure.gravatar.com\/avatar\/c72951259d01874ef2384d4dc28f5a94614b25261abd833502f05b89f47a25f6?s=96&d=mm&r=g","caption":"David"}}]}},"_links":{"self":[{"href":"https:\/\/www.ross.es\/e\/wp-json\/wp\/v2\/posts\/22262","targetHints":{"allow":["GET"]}}],"collection":[{"href":"https:\/\/www.ross.es\/e\/wp-json\/wp\/v2\/posts"}],"about":[{"href":"https:\/\/www.ross.es\/e\/wp-json\/wp\/v2\/types\/post"}],"author":[{"embeddable":true,"href":"https:\/\/www.ross.es\/e\/wp-json\/wp\/v2\/users\/3"}],"replies":[{"embeddable":true,"href":"https:\/\/www.ross.es\/e\/wp-json\/wp\/v2\/comments?post=22262"}],"version-history":[{"count":8,"href":"https:\/\/www.ross.es\/e\/wp-json\/wp\/v2\/posts\/22262\/revisions"}],"predecessor-version":[{"id":22291,"href":"https:\/\/www.ross.es\/e\/wp-json\/wp\/v2\/posts\/22262\/revisions\/22291"}],"wp:featuredmedia":[{"embeddable":true,"href":"https:\/\/www.ross.es\/e\/wp-json\/wp\/v2\/media\/22266"}],"wp:attachment":[{"href":"https:\/\/www.ross.es\/e\/wp-json\/wp\/v2\/media?parent=22262"}],"wp:term":[{"taxonomy":"category","embeddable":true,"href":"https:\/\/www.ross.es\/e\/wp-json\/wp\/v2\/categories?post=22262"},{"taxonomy":"post_tag","embeddable":true,"href":"https:\/\/www.ross.es\/e\/wp-json\/wp\/v2\/tags?post=22262"}],"curies":[{"name":"wp","href":"https:\/\/api.w.org\/{rel}","templated":true}]}}