{"id":22565,"date":"2024-03-11T11:16:58","date_gmt":"2024-03-11T10:16:58","guid":{"rendered":"https:\/\/www.ross.es\/e\/?p=22565"},"modified":"2024-03-11T11:16:58","modified_gmt":"2024-03-11T10:16:58","slug":"abriendo-camino-en-la-fisioterapia-equina-con-tecar-ross-e-intradermik","status":"publish","type":"post","link":"https:\/\/www.ross.es\/e\/estetica\/abriendo-camino-en-la-fisioterapia-equina-con-tecar-ross-e-intradermik\/","title":{"rendered":"Abriendo Camino en la Fisioterapia Equina con TECAR R\u00d6S&#8217;S e Intradermik"},"content":{"rendered":"[et_pb_section fb_built=\u00bb1&#8243; _builder_version=\u00bb4.18.0&#8243; custom_padding=\u00bb0px||0px||false|false\u00bb global_colors_info=\u00bb{}\u00bb][et_pb_row _builder_version=\u00bb4.24.0&#8243; background_size=\u00bbinitial\u00bb background_position=\u00bbtop_left\u00bb background_repeat=\u00bbrepeat\u00bb width=\u00bb100%\u00bb custom_padding=\u00bb||0px||false|false\u00bb global_colors_info=\u00bb{}\u00bb][et_pb_column type=\u00bb4_4&#8243; _builder_version=\u00bb4.16&#8243; custom_padding=\u00bb|||\u00bb global_colors_info=\u00bb{}\u00bb custom_padding__hover=\u00bb|||\u00bb][et_pb_text _builder_version=\u00bb4.24.2&#8243; background_size=\u00bbinitial\u00bb background_position=\u00bbtop_left\u00bb background_repeat=\u00bbrepeat\u00bb global_colors_info=\u00bb{}\u00bb]\n<p>La tecnolog\u00eda TECAR de R\u00d6S&#8217;S, con Intradermik <a href=\"https:\/\/www.ross.es\/f\/fisioterapia\/\" target=\"_blank\" rel=\"noopener\">@ross_fisioterapia<\/a>, se abre camino en el mundo de la fisioterapia equina. Gracias a la aplicaci\u00f3n con brazaletes, los tratamientos se vuelven m\u00e1s integrativos, preservando el v\u00ednculo esencial entre veterinario y animal. <a href=\"https:\/\/www.instagram.com\/chev.ost\/\" target=\"_blank\" rel=\"noopener\">ChevOst<\/a>, oste\u00f3pata equino, ya ha apostado esta avanzada tecnolog\u00eda.<\/p>\n[\/et_pb_text][\/et_pb_column][\/et_pb_row][et_pb_row column_structure=\u00bb1_2,1_2&#8243; _builder_version=\u00bb4.24.2&#8243; background_size=\u00bbinitial\u00bb background_position=\u00bbtop_left\u00bb background_repeat=\u00bbrepeat\u00bb width=\u00bb100%\u00bb global_colors_info=\u00bb{}\u00bb][et_pb_column type=\u00bb1_2&#8243; _builder_version=\u00bb4.16&#8243; custom_padding=\u00bb|||\u00bb global_colors_info=\u00bb{}\u00bb custom_padding__hover=\u00bb|||\u00bb][et_pb_image src=\u00bbhttps:\/\/www.ross.es\/e\/wp-content\/uploads\/2024\/03\/20240311-ROSS-FISIO-tecarterapia-caballos-02.webp\u00bb title_text=\u00bb20240311 ROSS FISIO tecarterapia caballos 02&#8243; _builder_version=\u00bb4.24.2&#8243; _module_preset=\u00bbdefault\u00bb global_colors_info=\u00bb{}\u00bb][\/et_pb_image][\/et_pb_column][et_pb_column type=\u00bb1_2&#8243; _builder_version=\u00bb4.16&#8243; custom_padding=\u00bb|||\u00bb global_colors_info=\u00bb{}\u00bb custom_padding__hover=\u00bb|||\u00bb][et_pb_image src=\u00bbhttps:\/\/www.ross.es\/e\/wp-content\/uploads\/2024\/03\/20240311-ROSS-FISIO-tecarterapia-caballos-04.webp\u00bb title_text=\u00bb20240311 ROSS FISIO tecarterapia caballos 04&#8243; _builder_version=\u00bb4.24.2&#8243; _module_preset=\u00bbdefault\u00bb global_colors_info=\u00bb{}\u00bb][\/et_pb_image][\/et_pb_column][\/et_pb_row][et_pb_row _builder_version=\u00bb4.24.0&#8243; background_size=\u00bbinitial\u00bb background_position=\u00bbtop_left\u00bb background_repeat=\u00bbrepeat\u00bb width=\u00bb100%\u00bb custom_padding=\u00bb0px||0px||false|false\u00bb global_colors_info=\u00bb{}\u00bb][et_pb_column type=\u00bb4_4&#8243; _builder_version=\u00bb4.16&#8243; custom_padding=\u00bb|||\u00bb global_colors_info=\u00bb{}\u00bb custom_padding__hover=\u00bb|||\u00bb][et_pb_text _builder_version=\u00bb4.24.2&#8243; background_size=\u00bbinitial\u00bb background_position=\u00bbtop_left\u00bb background_repeat=\u00bbrepeat\u00bb global_colors_info=\u00bb{}\u00bb]En R\u00d6S\u2019S, seguimos avanzando con pasi\u00f3n, no solo en la est\u00e9tica, sino tambi\u00e9n en el bienestar integral. La fisioterapia equina es un nuevo horizonte donde nuestra tecnolog\u00eda TECAR demuestra su versatilidad y efectividad. Estamos orgullosos de ser parte del camino hacia la recuperaci\u00f3n equina.[\/et_pb_text][\/et_pb_column][\/et_pb_row][\/et_pb_section]\n","protected":false},"excerpt":{"rendered":"<p>La tecnolog\u00eda TECAR de R\u00d6S&#8217;S, con Intradermik @ross_fisioterapia, se abre camino en el mundo de la fisioterapia equina. Gracias a la aplicaci\u00f3n con brazaletes, los tratamientos se vuelven m\u00e1s integrativos, preservando el v\u00ednculo esencial entre veterinario y animal. ChevOst, oste\u00f3pata equino, ya ha apostado esta avanzada tecnolog\u00eda.En R\u00d6S\u2019S, seguimos avanzando con pasi\u00f3n, no solo en [&hellip;]<\/p>\n","protected":false},"author":3,"featured_media":22566,"comment_status":"closed","ping_status":"closed","sticky":false,"template":"","format":"standard","meta":{"_et_pb_use_builder":"on","_et_pb_old_content":"\u00a0\r\n\r\n<strong>Roll Systemic<\/strong><span style=\"caret-color: #212121; color: #212121; font-family: Calibri, sans-serif; font-size: 14px; font-style: normal; font-variant-caps: normal; font-weight: normal; letter-spacing: normal; orphans: auto; text-align: start; text-indent: 0px; text-transform: none; white-space: normal; widows: auto; word-spacing: 0px; -webkit-tap-highlight-color: rgba(26, 26, 26, 0.3); -webkit-text-size-adjust: 100%; -webkit-text-stroke-width: 0px; text-decoration: none; display: inline !important; float: none;\">, la tecnolog\u00eda endoactivadora que R\u00d6S\u2019S presenta a nivel nacional con la colaboraci\u00f3n de nuestra red oficial de distribuidores.<\/span>\r\n\r\n<img class=\"alignnone wp-image-18948 size-full\" src=\"https:\/\/www.ross.es\/e\/wp-content\/uploads\/2022\/03\/RollSystemic_calendario-20220222.webp\" alt=\"\" width=\"1080\" height=\"1600\" \/>\r\n\r\n\u00a0","_et_gb_content_width":"","_joinchat":[],"footnotes":""},"categories":[1985],"tags":[2961,3268,2617,3270,2715,3020],"class_list":["post-22565","post","type-post","status-publish","format-standard","has-post-thumbnail","hentry","category-whats-new","tag-2961","tag-fisioterapia-equina","tag-intradermik","tag-recuperacion-equina","tag-ross","tag-ross-fisioterapia"],"yoast_head":"<!-- This site is optimized with the Yoast SEO plugin v23.3 - https:\/\/yoast.com\/wordpress\/plugins\/seo\/ -->\n<title>Abriendo Camino en la Fisioterapia Equina con TECAR R\u00d6S&#039;S e Intradermik - R\u00d6S&#039;S EST\u00c9TICA<\/title>\n<meta name=\"description\" content=\"R\u00d6S\u2019S y la fisioterapia equina es un nuevo horizonte donde nuestra tecnolog\u00eda TECAR e Intradermik demuestran su versatilidad y efectividad.\" \/>\n<meta name=\"robots\" content=\"index, follow, max-snippet:-1, max-image-preview:large, max-video-preview:-1\" \/>\n<link rel=\"canonical\" href=\"https:\/\/www.ross.es\/e\/estetica\/abriendo-camino-en-la-fisioterapia-equina-con-tecar-ross-e-intradermik\/\" \/>\n<meta property=\"og:locale\" content=\"es_ES\" \/>\n<meta property=\"og:type\" content=\"article\" \/>\n<meta property=\"og:title\" content=\"Abriendo Camino en la Fisioterapia Equina con TECAR R\u00d6S&#039;S e Intradermik - R\u00d6S&#039;S EST\u00c9TICA\" \/>\n<meta property=\"og:description\" content=\"R\u00d6S\u2019S y la fisioterapia equina es un nuevo horizonte donde nuestra tecnolog\u00eda TECAR e Intradermik demuestran su versatilidad y efectividad.\" \/>\n<meta property=\"og:url\" content=\"https:\/\/www.ross.es\/e\/estetica\/abriendo-camino-en-la-fisioterapia-equina-con-tecar-ross-e-intradermik\/\" \/>\n<meta property=\"og:site_name\" content=\"R\u00d6S&#039;S EST\u00c9TICA\" \/>\n<meta property=\"article:publisher\" content=\"https:\/\/www.facebook.com\/rossbcn\" \/>\n<meta property=\"article:published_time\" content=\"2024-03-11T10:16:58+00:00\" \/>\n<meta property=\"og:image\" content=\"https:\/\/www.ross.es\/e\/wp-content\/uploads\/2024\/03\/20240311-Ross-fisioterapia-equina.webp\" \/>\n\t<meta property=\"og:image:width\" content=\"1000\" \/>\n\t<meta property=\"og:image:height\" content=\"626\" \/>\n\t<meta property=\"og:image:type\" content=\"image\/webp\" \/>\n<meta name=\"author\" content=\"David\" \/>\n<meta name=\"twitter:card\" content=\"summary_large_image\" \/>\n<meta name=\"twitter:label1\" content=\"Escrito por\" \/>\n\t<meta name=\"twitter:data1\" content=\"David\" \/>\n\t<meta name=\"twitter:label2\" content=\"Tiempo de lectura\" \/>\n\t<meta name=\"twitter:data2\" content=\"2 minutos\" \/>\n<script type=\"application\/ld+json\" class=\"yoast-schema-graph\">{\"@context\":\"https:\/\/schema.org\",\"@graph\":[{\"@type\":\"Article\",\"@id\":\"https:\/\/www.ross.es\/e\/estetica\/abriendo-camino-en-la-fisioterapia-equina-con-tecar-ross-e-intradermik\/#article\",\"isPartOf\":{\"@id\":\"https:\/\/www.ross.es\/e\/estetica\/abriendo-camino-en-la-fisioterapia-equina-con-tecar-ross-e-intradermik\/\"},\"author\":{\"name\":\"David\",\"@id\":\"https:\/\/www.ross.es\/e\/#\/schema\/person\/6530b56ccbeaf583a877262598848f89\"},\"headline\":\"Abriendo Camino en la Fisioterapia Equina con TECAR R\u00d6S&#8217;S e Intradermik\",\"datePublished\":\"2024-03-11T10:16:58+00:00\",\"dateModified\":\"2024-03-11T10:16:58+00:00\",\"mainEntityOfPage\":{\"@id\":\"https:\/\/www.ross.es\/e\/estetica\/abriendo-camino-en-la-fisioterapia-equina-con-tecar-ross-e-intradermik\/\"},\"wordCount\":388,\"publisher\":{\"@id\":\"https:\/\/www.ross.es\/e\/#organization\"},\"image\":{\"@id\":\"https:\/\/www.ross.es\/e\/estetica\/abriendo-camino-en-la-fisioterapia-equina-con-tecar-ross-e-intradermik\/#primaryimage\"},\"thumbnailUrl\":\"https:\/\/www.ross.es\/e\/wp-content\/uploads\/2024\/03\/20240311-Ross-fisioterapia-equina.webp\",\"keywords\":[\"2024\",\"Fisioterapia Equina\",\"Intradermik\",\"Recuperaci\u00f3n Equina\",\"R\u00f6s's\",\"R\u00f6s's fisioterapia\"],\"articleSection\":[\"What's New\"],\"inLanguage\":\"es\"},{\"@type\":\"WebPage\",\"@id\":\"https:\/\/www.ross.es\/e\/estetica\/abriendo-camino-en-la-fisioterapia-equina-con-tecar-ross-e-intradermik\/\",\"url\":\"https:\/\/www.ross.es\/e\/estetica\/abriendo-camino-en-la-fisioterapia-equina-con-tecar-ross-e-intradermik\/\",\"name\":\"Abriendo Camino en la Fisioterapia Equina con TECAR R\u00d6S'S e Intradermik - R\u00d6S&#039;S EST\u00c9TICA\",\"isPartOf\":{\"@id\":\"https:\/\/www.ross.es\/e\/#website\"},\"primaryImageOfPage\":{\"@id\":\"https:\/\/www.ross.es\/e\/estetica\/abriendo-camino-en-la-fisioterapia-equina-con-tecar-ross-e-intradermik\/#primaryimage\"},\"image\":{\"@id\":\"https:\/\/www.ross.es\/e\/estetica\/abriendo-camino-en-la-fisioterapia-equina-con-tecar-ross-e-intradermik\/#primaryimage\"},\"thumbnailUrl\":\"https:\/\/www.ross.es\/e\/wp-content\/uploads\/2024\/03\/20240311-Ross-fisioterapia-equina.webp\",\"datePublished\":\"2024-03-11T10:16:58+00:00\",\"dateModified\":\"2024-03-11T10:16:58+00:00\",\"description\":\"R\u00d6S\u2019S y la fisioterapia equina es un nuevo horizonte donde nuestra tecnolog\u00eda TECAR e Intradermik demuestran su versatilidad y efectividad.\",\"breadcrumb\":{\"@id\":\"https:\/\/www.ross.es\/e\/estetica\/abriendo-camino-en-la-fisioterapia-equina-con-tecar-ross-e-intradermik\/#breadcrumb\"},\"inLanguage\":\"es\",\"potentialAction\":[{\"@type\":\"ReadAction\",\"target\":[\"https:\/\/www.ross.es\/e\/estetica\/abriendo-camino-en-la-fisioterapia-equina-con-tecar-ross-e-intradermik\/\"]}]},{\"@type\":\"ImageObject\",\"inLanguage\":\"es\",\"@id\":\"https:\/\/www.ross.es\/e\/estetica\/abriendo-camino-en-la-fisioterapia-equina-con-tecar-ross-e-intradermik\/#primaryimage\",\"url\":\"https:\/\/www.ross.es\/e\/wp-content\/uploads\/2024\/03\/20240311-Ross-fisioterapia-equina.webp\",\"contentUrl\":\"https:\/\/www.ross.es\/e\/wp-content\/uploads\/2024\/03\/20240311-Ross-fisioterapia-equina.webp\",\"width\":1000,\"height\":626},{\"@type\":\"BreadcrumbList\",\"@id\":\"https:\/\/www.ross.es\/e\/estetica\/abriendo-camino-en-la-fisioterapia-equina-con-tecar-ross-e-intradermik\/#breadcrumb\",\"itemListElement\":[{\"@type\":\"ListItem\",\"position\":1,\"name\":\"Portada\",\"item\":\"https:\/\/www.ross.es\/e\/estetica\/\"},{\"@type\":\"ListItem\",\"position\":2,\"name\":\"Abriendo Camino en la Fisioterapia Equina con TECAR R\u00d6S&#8217;S e Intradermik\"}]},{\"@type\":\"WebSite\",\"@id\":\"https:\/\/www.ross.es\/e\/#website\",\"url\":\"https:\/\/www.ross.es\/e\/\",\"name\":\"R\u00d6S&#039;S EST\u00c9TICA\",\"description\":\"Tecnolog\u00eda est\u00e9tica avanzada\",\"publisher\":{\"@id\":\"https:\/\/www.ross.es\/e\/#organization\"},\"alternateName\":\"ROSS\",\"potentialAction\":[{\"@type\":\"SearchAction\",\"target\":{\"@type\":\"EntryPoint\",\"urlTemplate\":\"https:\/\/www.ross.es\/e\/?s={search_term_string}\"},\"query-input\":\"required name=search_term_string\"}],\"inLanguage\":\"es\"},{\"@type\":\"Organization\",\"@id\":\"https:\/\/www.ross.es\/e\/#organization\",\"name\":\"R\u00d6S'S EST\u00c9TICA, S. L.\",\"alternateName\":\"ROSS\",\"url\":\"https:\/\/www.ross.es\/e\/\",\"logo\":{\"@type\":\"ImageObject\",\"inLanguage\":\"es\",\"@id\":\"https:\/\/www.ross.es\/e\/#\/schema\/logo\/image\/\",\"url\":\"https:\/\/www.ross.es\/e\/wp-content\/uploads\/2023\/07\/ROSS_Tech_orange-web.png\",\"contentUrl\":\"https:\/\/www.ross.es\/e\/wp-content\/uploads\/2023\/07\/ROSS_Tech_orange-web.png\",\"width\":250,\"height\":114,\"caption\":\"R\u00d6S'S EST\u00c9TICA, S. L.\"},\"image\":{\"@id\":\"https:\/\/www.ross.es\/e\/#\/schema\/logo\/image\/\"},\"sameAs\":[\"https:\/\/www.facebook.com\/rossbcn\",\"https:\/\/www.instagram.com\/ross_estetica\/\",\"https:\/\/www.youtube.com\/channel\/UCOIJrcF4iCStBuyetHmkgRg\",\"https:\/\/www.linkedin.com\/company\/rosstecnologia\/\"]},{\"@type\":\"Person\",\"@id\":\"https:\/\/www.ross.es\/e\/#\/schema\/person\/6530b56ccbeaf583a877262598848f89\",\"name\":\"David\",\"image\":{\"@type\":\"ImageObject\",\"inLanguage\":\"es\",\"@id\":\"https:\/\/www.ross.es\/e\/#\/schema\/person\/image\/\",\"url\":\"https:\/\/secure.gravatar.com\/avatar\/c72951259d01874ef2384d4dc28f5a94614b25261abd833502f05b89f47a25f6?s=96&d=mm&r=g\",\"contentUrl\":\"https:\/\/secure.gravatar.com\/avatar\/c72951259d01874ef2384d4dc28f5a94614b25261abd833502f05b89f47a25f6?s=96&d=mm&r=g\",\"caption\":\"David\"}}]}<\/script>\n<!-- \/ Yoast SEO plugin. -->","yoast_head_json":{"title":"Abriendo Camino en la Fisioterapia Equina con TECAR R\u00d6S'S e Intradermik - R\u00d6S&#039;S EST\u00c9TICA","description":"R\u00d6S\u2019S y la fisioterapia equina es un nuevo horizonte donde nuestra tecnolog\u00eda TECAR e Intradermik demuestran su versatilidad y efectividad.","robots":{"index":"index","follow":"follow","max-snippet":"max-snippet:-1","max-image-preview":"max-image-preview:large","max-video-preview":"max-video-preview:-1"},"canonical":"https:\/\/www.ross.es\/e\/estetica\/abriendo-camino-en-la-fisioterapia-equina-con-tecar-ross-e-intradermik\/","og_locale":"es_ES","og_type":"article","og_title":"Abriendo Camino en la Fisioterapia Equina con TECAR R\u00d6S'S e Intradermik - R\u00d6S&#039;S EST\u00c9TICA","og_description":"R\u00d6S\u2019S y la fisioterapia equina es un nuevo horizonte donde nuestra tecnolog\u00eda TECAR e Intradermik demuestran su versatilidad y efectividad.","og_url":"https:\/\/www.ross.es\/e\/estetica\/abriendo-camino-en-la-fisioterapia-equina-con-tecar-ross-e-intradermik\/","og_site_name":"R\u00d6S&#039;S EST\u00c9TICA","article_publisher":"https:\/\/www.facebook.com\/rossbcn","article_published_time":"2024-03-11T10:16:58+00:00","og_image":[{"width":1000,"height":626,"url":"https:\/\/www.ross.es\/e\/wp-content\/uploads\/2024\/03\/20240311-Ross-fisioterapia-equina.webp","type":"image\/webp"}],"author":"David","twitter_card":"summary_large_image","twitter_misc":{"Escrito por":"David","Tiempo de lectura":"2 minutos"},"schema":{"@context":"https:\/\/schema.org","@graph":[{"@type":"Article","@id":"https:\/\/www.ross.es\/e\/estetica\/abriendo-camino-en-la-fisioterapia-equina-con-tecar-ross-e-intradermik\/#article","isPartOf":{"@id":"https:\/\/www.ross.es\/e\/estetica\/abriendo-camino-en-la-fisioterapia-equina-con-tecar-ross-e-intradermik\/"},"author":{"name":"David","@id":"https:\/\/www.ross.es\/e\/#\/schema\/person\/6530b56ccbeaf583a877262598848f89"},"headline":"Abriendo Camino en la Fisioterapia Equina con TECAR R\u00d6S&#8217;S e Intradermik","datePublished":"2024-03-11T10:16:58+00:00","dateModified":"2024-03-11T10:16:58+00:00","mainEntityOfPage":{"@id":"https:\/\/www.ross.es\/e\/estetica\/abriendo-camino-en-la-fisioterapia-equina-con-tecar-ross-e-intradermik\/"},"wordCount":388,"publisher":{"@id":"https:\/\/www.ross.es\/e\/#organization"},"image":{"@id":"https:\/\/www.ross.es\/e\/estetica\/abriendo-camino-en-la-fisioterapia-equina-con-tecar-ross-e-intradermik\/#primaryimage"},"thumbnailUrl":"https:\/\/www.ross.es\/e\/wp-content\/uploads\/2024\/03\/20240311-Ross-fisioterapia-equina.webp","keywords":["2024","Fisioterapia Equina","Intradermik","Recuperaci\u00f3n Equina","R\u00f6s's","R\u00f6s's fisioterapia"],"articleSection":["What's New"],"inLanguage":"es"},{"@type":"WebPage","@id":"https:\/\/www.ross.es\/e\/estetica\/abriendo-camino-en-la-fisioterapia-equina-con-tecar-ross-e-intradermik\/","url":"https:\/\/www.ross.es\/e\/estetica\/abriendo-camino-en-la-fisioterapia-equina-con-tecar-ross-e-intradermik\/","name":"Abriendo Camino en la Fisioterapia Equina con TECAR R\u00d6S'S e Intradermik - R\u00d6S&#039;S EST\u00c9TICA","isPartOf":{"@id":"https:\/\/www.ross.es\/e\/#website"},"primaryImageOfPage":{"@id":"https:\/\/www.ross.es\/e\/estetica\/abriendo-camino-en-la-fisioterapia-equina-con-tecar-ross-e-intradermik\/#primaryimage"},"image":{"@id":"https:\/\/www.ross.es\/e\/estetica\/abriendo-camino-en-la-fisioterapia-equina-con-tecar-ross-e-intradermik\/#primaryimage"},"thumbnailUrl":"https:\/\/www.ross.es\/e\/wp-content\/uploads\/2024\/03\/20240311-Ross-fisioterapia-equina.webp","datePublished":"2024-03-11T10:16:58+00:00","dateModified":"2024-03-11T10:16:58+00:00","description":"R\u00d6S\u2019S y la fisioterapia equina es un nuevo horizonte donde nuestra tecnolog\u00eda TECAR e Intradermik demuestran su versatilidad y efectividad.","breadcrumb":{"@id":"https:\/\/www.ross.es\/e\/estetica\/abriendo-camino-en-la-fisioterapia-equina-con-tecar-ross-e-intradermik\/#breadcrumb"},"inLanguage":"es","potentialAction":[{"@type":"ReadAction","target":["https:\/\/www.ross.es\/e\/estetica\/abriendo-camino-en-la-fisioterapia-equina-con-tecar-ross-e-intradermik\/"]}]},{"@type":"ImageObject","inLanguage":"es","@id":"https:\/\/www.ross.es\/e\/estetica\/abriendo-camino-en-la-fisioterapia-equina-con-tecar-ross-e-intradermik\/#primaryimage","url":"https:\/\/www.ross.es\/e\/wp-content\/uploads\/2024\/03\/20240311-Ross-fisioterapia-equina.webp","contentUrl":"https:\/\/www.ross.es\/e\/wp-content\/uploads\/2024\/03\/20240311-Ross-fisioterapia-equina.webp","width":1000,"height":626},{"@type":"BreadcrumbList","@id":"https:\/\/www.ross.es\/e\/estetica\/abriendo-camino-en-la-fisioterapia-equina-con-tecar-ross-e-intradermik\/#breadcrumb","itemListElement":[{"@type":"ListItem","position":1,"name":"Portada","item":"https:\/\/www.ross.es\/e\/estetica\/"},{"@type":"ListItem","position":2,"name":"Abriendo Camino en la Fisioterapia Equina con TECAR R\u00d6S&#8217;S e Intradermik"}]},{"@type":"WebSite","@id":"https:\/\/www.ross.es\/e\/#website","url":"https:\/\/www.ross.es\/e\/","name":"R\u00d6S&#039;S EST\u00c9TICA","description":"Tecnolog\u00eda est\u00e9tica avanzada","publisher":{"@id":"https:\/\/www.ross.es\/e\/#organization"},"alternateName":"ROSS","potentialAction":[{"@type":"SearchAction","target":{"@type":"EntryPoint","urlTemplate":"https:\/\/www.ross.es\/e\/?s={search_term_string}"},"query-input":"required name=search_term_string"}],"inLanguage":"es"},{"@type":"Organization","@id":"https:\/\/www.ross.es\/e\/#organization","name":"R\u00d6S'S EST\u00c9TICA, S. L.","alternateName":"ROSS","url":"https:\/\/www.ross.es\/e\/","logo":{"@type":"ImageObject","inLanguage":"es","@id":"https:\/\/www.ross.es\/e\/#\/schema\/logo\/image\/","url":"https:\/\/www.ross.es\/e\/wp-content\/uploads\/2023\/07\/ROSS_Tech_orange-web.png","contentUrl":"https:\/\/www.ross.es\/e\/wp-content\/uploads\/2023\/07\/ROSS_Tech_orange-web.png","width":250,"height":114,"caption":"R\u00d6S'S EST\u00c9TICA, S. L."},"image":{"@id":"https:\/\/www.ross.es\/e\/#\/schema\/logo\/image\/"},"sameAs":["https:\/\/www.facebook.com\/rossbcn","https:\/\/www.instagram.com\/ross_estetica\/","https:\/\/www.youtube.com\/channel\/UCOIJrcF4iCStBuyetHmkgRg","https:\/\/www.linkedin.com\/company\/rosstecnologia\/"]},{"@type":"Person","@id":"https:\/\/www.ross.es\/e\/#\/schema\/person\/6530b56ccbeaf583a877262598848f89","name":"David","image":{"@type":"ImageObject","inLanguage":"es","@id":"https:\/\/www.ross.es\/e\/#\/schema\/person\/image\/","url":"https:\/\/secure.gravatar.com\/avatar\/c72951259d01874ef2384d4dc28f5a94614b25261abd833502f05b89f47a25f6?s=96&d=mm&r=g","contentUrl":"https:\/\/secure.gravatar.com\/avatar\/c72951259d01874ef2384d4dc28f5a94614b25261abd833502f05b89f47a25f6?s=96&d=mm&r=g","caption":"David"}}]}},"_links":{"self":[{"href":"https:\/\/www.ross.es\/e\/wp-json\/wp\/v2\/posts\/22565","targetHints":{"allow":["GET"]}}],"collection":[{"href":"https:\/\/www.ross.es\/e\/wp-json\/wp\/v2\/posts"}],"about":[{"href":"https:\/\/www.ross.es\/e\/wp-json\/wp\/v2\/types\/post"}],"author":[{"embeddable":true,"href":"https:\/\/www.ross.es\/e\/wp-json\/wp\/v2\/users\/3"}],"replies":[{"embeddable":true,"href":"https:\/\/www.ross.es\/e\/wp-json\/wp\/v2\/comments?post=22565"}],"version-history":[{"count":4,"href":"https:\/\/www.ross.es\/e\/wp-json\/wp\/v2\/posts\/22565\/revisions"}],"predecessor-version":[{"id":22580,"href":"https:\/\/www.ross.es\/e\/wp-json\/wp\/v2\/posts\/22565\/revisions\/22580"}],"wp:featuredmedia":[{"embeddable":true,"href":"https:\/\/www.ross.es\/e\/wp-json\/wp\/v2\/media\/22566"}],"wp:attachment":[{"href":"https:\/\/www.ross.es\/e\/wp-json\/wp\/v2\/media?parent=22565"}],"wp:term":[{"taxonomy":"category","embeddable":true,"href":"https:\/\/www.ross.es\/e\/wp-json\/wp\/v2\/categories?post=22565"},{"taxonomy":"post_tag","embeddable":true,"href":"https:\/\/www.ross.es\/e\/wp-json\/wp\/v2\/tags?post=22565"}],"curies":[{"name":"wp","href":"https:\/\/api.w.org\/{rel}","templated":true}]}}